{"id":996,"date":"2018-05-11T14:49:00","date_gmt":"2018-05-11T17:49:00","guid":{"rendered":"https:\/\/www.ccsa.ufpb.br\/ppgcc2\/sem-categoria\/exames-de-pre-banca-do-projeto-de-dissertacao\/"},"modified":"2018-05-11T14:49:00","modified_gmt":"2018-05-11T17:49:00","slug":"exames-de-pre-banca-do-projeto-de-dissertacao","status":"publish","type":"post","link":"https:\/\/www.ccsa.ufpb.br\/ppgcc\/noticias\/exames-de-pre-banca-do-projeto-de-dissertacao\/","title":{"rendered":"Exames de pr\u00e9-banca dos projetos de disserta\u00e7\u00f5es"},"content":{"rendered":"<div id=\"viewlet-above-content-title\"><\/div>\n<h2 class=\"nitfSubtitle\"><\/h2>\n<div class=\"documentDescription\">Lista dos exames que ocorrer\u00e3o em maio\/2018<\/div>\n<div id=\"viewlet-below-content-title\">\n<div class=\"horizontal\" id=\"viewlet-social-like\" style=\"display:none\">\n<div class=\"sociallike-network-facebook\">\n<!-- Facebook --><\/p>\n<div class=\"fb-like\" data-action=\"like\" data-layout=\"button_count\" data-send=\"false\" data-share=\"False\" data-show-faces=\"false\"><\/div>\n<\/div>\n<div class=\"sociallike-network-twitter\">\n<!-- Twitter -->\n<\/div>\n<div class=\"sociallike-network-gplus\">\n<!-- Google+ --><\/p>\n<div class=\"g-plus\" data-action=\"share\" data-annotation=\"bubble\" data-href=\"https:\/\/www.ccsa.ufpb.br\/ppgcc\/contents\/noticias\/exames-de-pre-banca-do-projeto-de-dissertacao\">\n<\/div>\n<\/div>\n<\/div>\n<\/div>\n<div class=\"newsLeftPane\">\n<\/div>\n<div>\n<p>A secretaria do PPGCC\/UFPB torna p\u00fablica a lista dos exames de pr\u00e9-banca dos projetos de disserta\u00e7\u00f5es que ser\u00e3o apresentados em maio deste ano:<\/p>\n<table class=\"plain\">\n<tbody>\n<tr>\n<td nowrap=\"\">\n<p align=\"center\">Aluno<\/p>\n<\/td>\n<td nowrap=\"\">\n<p align=\"center\">Linha de Pesquisa<\/p>\n<\/td>\n<td nowrap=\"\">\n<p align=\"center\">Orientador<\/p>\n<\/td>\n<td nowrap=\"\">\n<p align=\"center\">T\u00edtulo do projeto<\/p>\n<\/td>\n<td nowrap=\"\">\n<p align=\"center\">Presidente<\/p>\n<\/td>\n<td nowrap=\"\">\n<p align=\"center\">Membro Interno &#8211; PPGCC-UFPB<\/p>\n<\/td>\n<td nowrap=\"\">\n<p align=\"center\">Membro Externo &#8211; IES<\/p>\n<\/td>\n<td nowrap=\"\">\n<p align=\"center\">Membro Externo &#8211; IES<\/p>\n<\/td>\n<td nowrap=\"\">\n<p align=\"center\">Data do Exame<\/p>\n<\/td>\n<td nowrap=\"\">\n<p align=\"center\">Hor\u00e1rio do Exame<\/p>\n<\/td>\n<td nowrap=\"\">\n<p align=\"center\">Local do Exame<\/p>\n<\/td>\n<\/tr>\n<tr>\n<td>\n<p align=\"center\">Talitha Tuane de Andrade Sarmento<\/p>\n<\/td>\n<td>\n<p align=\"center\">Informa\u00e7\u00e3o Cont\u00e1bil para Usu\u00e1rios Externos<\/p>\n<\/td>\n<td nowrap=\"\">\n<p align=\"center\">Prof. Dr. M\u00e1rcio Andr\u00e9 Veras Machado<\/p>\n<\/td>\n<td nowrap=\"\">\n<p align=\"center\">AN\u00c1LISE DO DESEMPENHO DOS FUNDOS DE INVESTIMENTO DO SETOR P\u00daBLICO NO BRASIL<\/p>\n<\/td>\n<td>\n<p align=\"center\">Prof. Dr. M\u00e1rcio Andr\u00e9 Veras Machado<\/p>\n<\/td>\n<td nowrap=\"\">\n<p align=\"center\">&#8211;<\/p>\n<\/td>\n<td nowrap=\"\">\n<p align=\"center\">Prof. Dr.Vin\u00edcius Gomes Martins-UFPE<\/p>\n<\/td>\n<td nowrap=\"\">\n<p align=\"center\">Prof. Dr.Robert Aldo Iquiapaza Coaguila-UFMG<\/p>\n<\/td>\n<td nowrap=\"\">\n<p align=\"center\">09\/05\/2018<\/p>\n<\/td>\n<td nowrap=\"\">\n<p align=\"center\">15h<\/p>\n<\/td>\n<td nowrap=\"\">\n<p align=\"center\">Sala de video conferencia do CCSA<\/p>\n<\/td>\n<\/tr>\n<tr>\n<td>\n<p align=\"center\">Emanuelle Priscila de Almeida Peixoto<\/p>\n<\/td>\n<td>\n<p align=\"center\">Informa\u00e7\u00e3o Cont\u00e1bil para Usu\u00e1rios Externos<\/p>\n<\/td>\n<td nowrap=\"\">\n<p align=\"center\">Prof. Dr. Orleans SilvaMartins<\/p>\n<\/td>\n<td nowrap=\"\">\n<p align=\"center\">RELEV\u00c2NCIA DAS PREVIS\u00d5ES DOS ANALISTAS NOS DIFERENTES AMBIENTES INFORMACIONAIS DOS PA\u00cdSES EMERGENTES<\/p>\n<\/td>\n<td>\n<p align=\"center\">Prof\u00aa Dra Marcia Reis Machado<\/p>\n<\/td>\n<td nowrap=\"\">\n<p align=\"center\">Prof. Dr. Luis Felipe de Araujo Pontes Gir\u00e3o<\/p>\n<\/td>\n<td>\n<p align=\"center\">Prof. Dr. Jos\u00e9 Elias Feres de Almeida &#8211; UFES<\/p>\n<\/td>\n<td nowrap=\"\">\n<p align=\"center\">&#8211;<\/p>\n<\/td>\n<td nowrap=\"\">\n<p align=\"center\">18\/05\/2018<\/p>\n<\/td>\n<td nowrap=\"\">\n<p align=\"center\">10h<\/p>\n<\/td>\n<td nowrap=\"\">\n<p align=\"center\">Sala de video conferencia do CCSA<\/p>\n<\/td>\n<\/tr>\n<tr>\n<td>\n<p align=\"center\">Jefferson Pereira de Andrade<\/p>\n<\/td>\n<td>\n<p align=\"center\">Informa\u00e7\u00e3o Cont\u00e1bil para Usu\u00e1rios Internos<\/p>\n<\/td>\n<td nowrap=\"\">\n<p align=\"center\">Prof. Dr. Wenner Glaucio LopesLucena<\/p>\n<\/td>\n<td nowrap=\"\">\n<p align=\"center\">EXCESSO DE CONFIAN\u00c7A DE GESTORES BRASILEIROS E SUA RELA\u00c7\u00c3O COM A ESTRAT\u00c9GICA EMPRESARIAL<\/p>\n<\/td>\n<td>\n<p align=\"center\">Prof. Dr. Wenner Glaucio Lopes Lucena<\/p>\n<\/td>\n<td nowrap=\"\">\n<p align=\"center\">Prof. Dr. Aldo Leonardo Cunha Callado<\/p>\n<\/td>\n<td nowrap=\"\">\n<p align=\"center\">Prof. Dr. Joseilton Silveira da Rocha &#8211; UFBA<\/p>\n<\/td>\n<td nowrap=\"\">\n<p align=\"center\">&#8211;<\/p>\n<\/td>\n<td nowrap=\"\">\n<p align=\"center\">21\/05\/2018<\/p>\n<\/td>\n<td nowrap=\"\">\n<p align=\"center\">10h30min<\/p>\n<\/td>\n<td nowrap=\"\">\n<p align=\"center\">Sala de video conferencia do CCSA<\/p>\n<\/td>\n<\/tr>\n<tr>\n<td>\n<p align=\"center\">Kalina Kely Miranda Leite<\/p>\n<\/td>\n<td>\n<p align=\"center\">Informa\u00e7\u00e3o Cont\u00e1bil para Usu\u00e1rios Externos<\/p>\n<\/td>\n<td nowrap=\"\">\n<p align=\"center\">Prof. Dr. JosediltonAlves Diniz<\/p>\n<\/td>\n<td nowrap=\"\">\n<p align=\"center\">AN\u00c1LISE DO ALCANCE DA COMPREENSIBILIDADE DAS INFORMA\u00c7\u00d5ES CONT\u00c1BEIS DIVULGADAS PELO SETOR P\u00daBLICO<\/p>\n<\/td>\n<td nowrap=\"\">\n<p align=\"center\">Prof. Dr. JosediltonAlves Diniz<\/p>\n<\/td>\n<td nowrap=\"\">\n<p align=\"center\">Prof\u00aa Dra. Rossana Guerra de Sousa<\/p>\n<\/td>\n<td nowrap=\"\">\n<p align=\"center\">Prof\u00aa Dra. Cl\u00e1udia Ferreira da Cruz-UFRJ<\/p>\n<\/td>\n<td nowrap=\"\">\n<p align=\"center\">&#8211;<\/p>\n<\/td>\n<td nowrap=\"\">\n<p align=\"center\">21\/05\/2018<\/p>\n<\/td>\n<td nowrap=\"\">\n<p align=\"center\">10h<\/p>\n<\/td>\n<td nowrap=\"\">\n<p align=\"center\">Sala de multim\u00eddia do CCSA<\/p>\n<\/td>\n<\/tr>\n<tr>\n<td>\n<p align=\"center\">Francisco Alves de Souza Neto<\/p>\n<\/td>\n<td>\n<p align=\"center\">Informa\u00e7\u00e3o Cont\u00e1bil para Usu\u00e1rios Externos<\/p>\n<\/td>\n<td nowrap=\"\">\n<p align=\"center\">Prof. Dr. Luiz Felipe de Ara\u00fajo Pontes Gir\u00e3o<\/p>\n<\/td>\n<td nowrap=\"\">\n<p align=\"center\">RELA\u00c7\u00d5ES ENTRE OS EST\u00c1GIOS DO CICLO DE VIDA EMPRESARIAL, PREVIS\u00c3O DE LUCROS E CUSTO IMPL\u00cdCITO DE CAPITAL<\/p>\n<\/td>\n<td nowrap=\"\">\n<p align=\"center\">Prof. Dr. Luiz Felipe de Araujo Pontes Gir\u00e3o<\/p>\n<\/td>\n<td nowrap=\"\">\n<p align=\"center\">Prof. Dr. Paulo Roberto N\u00f3brega Cavaltante<\/p>\n<\/td>\n<td nowrap=\"\">\n<p align=\"center\">Prof. Dr. Vinicius Gomes Martins &#8211; UFPE<\/p>\n<\/td>\n<td nowrap=\"\">\n<p align=\"center\">&#8211;<\/p>\n<\/td>\n<td nowrap=\"\">\n<p align=\"center\">23\/05\/2018<\/p>\n<\/td>\n<td nowrap=\"\">\n<p align=\"center\">09h30min<\/p>\n<\/td>\n<td nowrap=\"\">\n<p align=\"center\">Sala de video conferencia do CCSA<\/p>\n<\/td>\n<\/tr>\n<tr>\n<td>\n<p align=\"center\">L\u00edvia Maria Freire de Morais<\/p>\n<\/td>\n<td>\n<p align=\"center\">Informa\u00e7\u00e3o Cont\u00e1bil para Usu\u00e1rios Internos<\/p>\n<\/td>\n<td nowrap=\"\">\n<p align=\"center\">Prof. Dr. Dimas Barreto Queiroz<\/p>\n<\/td>\n<td nowrap=\"\">\n<p align=\"center\">CICLOS POL\u00cdTICO-OR\u00c7AMENT\u00c1RIOS E MUDAN\u00c7AS NA COMPOSI\u00c7\u00c3O DOS GASTOS P\u00daBLICOS: UM ESTUDO NOS MUNIC\u00cdPIOS BRASILEIROS<\/p>\n<\/td>\n<td>\n<p align=\"center\">Prof. Dr. Dimas Barreto de Queiroz<\/p>\n<\/td>\n<td nowrap=\"\">\n<p align=\"center\">Prof\u00aa Dra. Rossana Guerra de Sousa<\/p>\n<\/td>\n<td>\n<p align=\"center\">Prof. Dr.Jevuks Matheus de Ara\u00fajo-UFPB<\/p>\n<\/td>\n<td nowrap=\"\">\n<p align=\"center\">&#8211;<\/p>\n<\/td>\n<td nowrap=\"\">\n<p align=\"center\">24\/05\/2018<\/p>\n<\/td>\n<td nowrap=\"\">\n<p align=\"center\">16h<\/p>\n<\/td>\n<td nowrap=\"\">\n<p align=\"center\">Sala 08 do Bloco de P\u00f3s-Gradua\u00e7\u00e3o do CCSA<\/p>\n<\/td>\n<\/tr>\n<tr>\n<td>\n<p align=\"center\">Wilton Alexandre de Melo<\/p>\n<\/td>\n<td>\n<p align=\"center\">Informa\u00e7\u00e3o Cont\u00e1bil para Usu\u00e1rios Internos<\/p>\n<\/td>\n<td nowrap=\"\">\n<p align=\"center\">Prof\u00aa Dra. Simone Bastos Paiva<\/p>\n<\/td>\n<td nowrap=\"\">\n<p align=\"center\">INFORMA\u00c7\u00c3O CONT\u00c1BIL GERENCIAL E ESTRAT\u00c9GIAS EMPRESARIAIS: Um estudo em pequenas empresas no Cariri Ocidental-PB<\/p>\n<\/td>\n<td nowrap=\"\">\n<p align=\"center\">Prof\u00aa Dra. Simone Bastos Paiva<\/p>\n<\/td>\n<td>\n<p align=\"center\">Prof. Dr. Wenner Glaucio Lopes Lucena<\/p>\n<\/td>\n<td nowrap=\"\">\n<p align=\"center\">Prof. Dr. Jos\u00e9 Ribamar Marques de Carvalho-UFCG<\/p>\n<\/td>\n<td nowrap=\"\">\n<p align=\"center\">&#8211;<\/p>\n<\/td>\n<td nowrap=\"\">\n<p align=\"center\">24\/05\/2018<\/p>\n<\/td>\n<td nowrap=\"\">\n<p align=\"center\">10h<\/p>\n<\/td>\n<td nowrap=\"\">\n<p align=\"center\">Sala de multim\u00eddia do CCSA<\/p>\n<\/td>\n<\/tr>\n<tr>\n<td>\n<p align=\"center\">Aluno<\/p>\n<\/td>\n<td>\n<p align=\"center\">Linha de Pesquisa<\/p>\n<\/td>\n<td nowrap=\"\">\n<p align=\"center\">Orientador<\/p>\n<\/td>\n<td nowrap=\"\">\n<p align=\"center\">T\u00edtulo do projeto<\/p>\n<\/td>\n<td nowrap=\"\">\n<p align=\"center\">Presidente<\/p>\n<\/td>\n<td nowrap=\"\">\n<p align=\"center\">Membro Interno &#8211; PPGCC-UFPB<\/p>\n<\/td>\n<td nowrap=\"\">\n<p align=\"center\">Membro Externo &#8211; IES<\/p>\n<\/td>\n<td nowrap=\"\">\n<p align=\"center\">Membro Externo &#8211; IES<\/p>\n<\/td>\n<td nowrap=\"\">\n<p align=\"center\">Data do Exame<\/p>\n<\/td>\n<td nowrap=\"\">\n<p align=\"center\">Hor\u00e1rio do Exame<\/p>\n<\/td>\n<td nowrap=\"\">\n<p align=\"center\">Local do Exame<\/p>\n<\/td>\n<\/tr>\n<tr>\n<td>\n<p align=\"center\">Aluska Ramos de Lira<\/p>\n<\/td>\n<td>\n<p align=\"center\">Informa\u00e7\u00e3o Cont\u00e1bil para Usu\u00e1rios Externos<\/p>\n<\/td>\n<td nowrap=\"\">\n<p align=\"center\">Prof. Dr. JosediltonAlves Diniz<\/p>\n<\/td>\n<td nowrap=\"\">\n<p align=\"center\">FATORES DETERMINANTES DO N\u00cdVEL DE RECURSOS INTERNOS NOS MUNIC\u00cdPIOS BRASILEIROS<\/p>\n<\/td>\n<td nowrap=\"\">\n<p align=\"center\">Prof. Dr. JosediltonAlves Diniz<\/p>\n<\/td>\n<td nowrap=\"\">\n<p align=\"center\">Prof. Dr. Dimas Barreto de Queiroz<\/p>\n<\/td>\n<td nowrap=\"\">\n<p align=\"center\">Prof. Dr. Severino Ces\u00e1rio de Lima-UFRN<\/p>\n<\/td>\n<td nowrap=\"\">\n<p align=\"center\">&#8211;<\/p>\n<\/td>\n<td nowrap=\"\">\n<p align=\"center\">25\/05\/2018<\/p>\n<\/td>\n<td nowrap=\"\">\n<p align=\"center\">14h<\/p>\n<\/td>\n<td nowrap=\"\">\n<p align=\"center\">Sala 08 do Bloco de P\u00f3s-Gradua\u00e7\u00e3o do CCSA<\/p>\n<\/td>\n<\/tr>\n<tr>\n<td>\n<p align=\"center\">Djones Derkyan Teixeira dos Santos<\/p>\n<\/td>\n<td>\n<p align=\"center\">Informa\u00e7\u00e3o Cont\u00e1bil para Usu\u00e1rios Externos<\/p>\n<\/td>\n<td nowrap=\"\">\n<p align=\"center\">Prof\u00aa Dra. Rossana Guerra de Sousa<\/p>\n<\/td>\n<td nowrap=\"\">\n<p align=\"center\">O PERFIL SOCIOECON\u00d4MICO DA POPULA\u00c7\u00c3O E SUA INFLU\u00caNCIA NA CONDI\u00c7\u00c3O FINANCEIRA GOVERNAMENTAL: UM ESTUDO NOS ESTADOS BRASILEIROS<\/p>\n<\/td>\n<td>\n<p align=\"center\">Prof\u00aa Dra Rossana Guerra de Souza<\/p>\n<\/td>\n<td nowrap=\"\">\n<p align=\"center\">Prof. Dr. JosediltonAlves Diniz<\/p>\n<\/td>\n<td>\n<p align=\"center\">Prof. Dr. Severino Ces\u00e1rio de Lima-UFRN<\/p>\n<\/td>\n<td>\n<p align=\"center\">&#8211;<\/p>\n<\/td>\n<td nowrap=\"\">\n<p align=\"center\">25\/05\/2018<\/p>\n<\/td>\n<td nowrap=\"\">\n<p align=\"center\">16h<\/p>\n<\/td>\n<td nowrap=\"\">\n<p align=\"center\"><span>Sala 08 do Bloco de P\u00f3s-Gradua\u00e7\u00e3o do CCSA<\/span><\/p>\n<\/td>\n<\/tr>\n<tr>\n<td>\n<p align=\"center\">Leandro da Costa Santos<\/p>\n<\/td>\n<td>\n<p align=\"center\">Informa\u00e7\u00e3o Cont\u00e1bil para Usu\u00e1rios Externos<\/p>\n<\/td>\n<td nowrap=\"\">\n<p align=\"center\">Prof\u00aa Dra. M\u00e1rcia Reis Machado<\/p>\n<\/td>\n<td nowrap=\"\">\n<p align=\"center\">A INFLU\u00caNCIA DA ESTRUTURA DE PROPRIEDADE E CONTROLE DAS EMPRESAS ESTATAIS NO PROCESSO DE GERA\u00c7\u00c3O DE RIQUEZA<\/p>\n<\/td>\n<td>\n<p align=\"center\">Prof\u00aa Dra Marcia Reis Machado<\/p>\n<\/td>\n<td nowrap=\"\">\n<p align=\"center\">Prof. Dr. Paulo Roberto N\u00f3brega Cavaltante<\/p>\n<\/td>\n<td>\n<p align=\"center\">Prof. Dr. Rodrigo de Souza Gon\u00e7alves-UnB<\/p>\n<\/td>\n<td nowrap=\"\">\n<p align=\"center\">&#8211;<\/p>\n<\/td>\n<td nowrap=\"\">\n<p align=\"center\">25\/05\/2018<\/p>\n<\/td>\n<td nowrap=\"\">\n<p align=\"center\">9h30min<\/p>\n<\/td>\n<td nowrap=\"\">\n<p align=\"center\">Sala de 08 do Bloco de P\u00f3s-Gradua\u00e7\u00e3o do CCSA<\/p>\n<\/td>\n<\/tr>\n<tr>\n<td>\n<p align=\"center\">Tiago Nunes Batista<\/p>\n<\/td>\n<td>\n<p align=\"center\">Informa\u00e7\u00e3o Cont\u00e1bil para Usu\u00e1rios Internos<\/p>\n<\/td>\n<td nowrap=\"\">\n<p align=\"center\">Prof. Dr. Wenner Glaucio Lopes Lucena<\/p>\n<\/td>\n<td nowrap=\"\">\n<p align=\"center\">PRINC\u00cdPIOS GLOBAIS DE CONTABILIDADE GERENCIAL: Rela\u00e7\u00e3o com os est\u00e1gios do ciclo de vida organizacional das empresas de capital aberto<\/p>\n<\/td>\n<td nowrap=\"\">\n<p align=\"center\">Prof. Dr. Wenner Glaucio Lopes Lucena<\/p>\n<\/td>\n<td nowrap=\"\">\n<p align=\"center\">Prof\u00aa Dra. Simone Bastos Paiva<\/p>\n<\/td>\n<td nowrap=\"\">\n<p align=\"center\">Prof. Dr. \u00a0Udo Strassburg &#8211; UNIOESTE<\/p>\n<\/td>\n<td nowrap=\"\">\n<p align=\"center\">&#8211;<\/p>\n<\/td>\n<td nowrap=\"\">\n<p align=\"center\">25\/05\/2018<\/p>\n<\/td>\n<td nowrap=\"\">\n<p align=\"center\">9h<\/p>\n<\/td>\n<td nowrap=\"\">\n<p align=\"center\">Sala de video conferencia do CCSA<\/p>\n<\/td>\n<\/tr>\n<tr>\n<td>\n<p align=\"center\">Adilia Ribeiro Coutinho Suassuna Dutra Florentino<\/p>\n<\/td>\n<td>\n<p align=\"center\">Informa\u00e7\u00e3o Cont\u00e1bil para Usu\u00e1rios Internos<\/p>\n<\/td>\n<td nowrap=\"\">\n<p align=\"center\">Prof. Dr. Ant\u00f4nio Andr\u00e9 Cunha\u00a0 Callado<\/p>\n<\/td>\n<td nowrap=\"\">\n<p align=\"center\">ADO\u00c7\u00c3O DE ARTEFATOS GERENCIAIS: UM ESTUDO EMP\u00cdRICO A PARTIR DA TEORIA DA CONTIG\u00caNCIA NO \u00c2MBITO DE EMPRESAS DO SETOR HOTELEIRO DE JO\u00c3O PESSOA<\/p>\n<\/td>\n<td nowrap=\"\">\n<p align=\"center\">Prof. Dr. Ant\u00f4nio Andr\u00e9 Cunha\u00a0 Callado<\/p>\n<\/td>\n<td nowrap=\"\">\n<p align=\"center\">Prof\u00aa Dra. Renata Paes de Barros C\u00e2mara<\/p>\n<\/td>\n<td nowrap=\"\">\n<p align=\"center\">Prof\u00aa Dra Carla Renata Silva Leit\u00e3o<\/p>\n<\/td>\n<td nowrap=\"\">\n<p align=\"center\">&#8211;<\/p>\n<\/td>\n<td nowrap=\"\">\n<p align=\"center\">28\/05\/2018<\/p>\n<\/td>\n<td nowrap=\"\">\n<p align=\"center\">11h<\/p>\n<\/td>\n<td nowrap=\"\">\n<p align=\"center\">Sala de multim\u00eddia do CCSA<\/p>\n<\/td>\n<\/tr>\n<tr>\n<td>\n<p align=\"center\">Jos\u00e9 Ricardo Revor\u00eado da Silva<\/p>\n<\/td>\n<td>\n<p align=\"center\">Informa\u00e7\u00e3o Cont\u00e1bil para Usu\u00e1rios Externos<\/p>\n<\/td>\n<td nowrap=\"\">\n<p align=\"center\">Prof. Dr. Edilson Paulo<\/p>\n<\/td>\n<td nowrap=\"\">\n<p align=\"center\">INFORMA\u00c7\u00d5ES CONT\u00c1BEIS E ATIVIDADE ECON\u00d4MICA: A RELA\u00c7\u00c3O ENTRE O DESEMPENHO DAS FIRMAS E CRESCIMENTO ECON\u00d4MICO DO BRASIL<\/p>\n<\/td>\n<td>\n<p align=\"center\">Prof. Dr. Dimas Barreto de Queiroz<\/p>\n<\/td>\n<td nowrap=\"\">\n<p align=\"center\">Prof. Dr. Luiz Felipe de Araujo Pontes Gir\u00e3o<\/p>\n<\/td>\n<td nowrap=\"\">\n<p align=\"center\">Prof. Dr. Renato Henrique Gurgel Mota &#8211;\u00a0 UFRN<\/p>\n<\/td>\n<td nowrap=\"\">\n<p align=\"center\">&#8211;<\/p>\n<\/td>\n<td nowrap=\"\">\n<p align=\"center\">28\/05\/2018<\/p>\n<\/td>\n<td nowrap=\"\">\n<p align=\"center\">09h<\/p>\n<\/td>\n<td nowrap=\"\">\n<p align=\"center\">Sala de video conferencia do CCSA<\/p>\n<\/td>\n<\/tr>\n<tr>\n<td>\n<p align=\"center\">Thais Lira de Figueiredo Sarmento<\/p>\n<\/td>\n<td>\n<p align=\"center\">Informa\u00e7\u00e3o Cont\u00e1bil para Usu\u00e1rios Internos<\/p>\n<\/td>\n<td nowrap=\"\">\n<p align=\"center\">Prof\u00aa Dra. Renata Paes de Barros C\u00e2mara<\/p>\n<\/td>\n<td nowrap=\"\">\n<p align=\"center\">PR\u00c1TICAS E MONITORIA DO DESEMPENHO AMBIENTAL: Uma an\u00e1lise atrav\u00e9s da Teoria do Ciclo de Vida Organizacional<\/p>\n<p align=\"center\">\u00a0<\/p>\n<p align=\"center\">\u00a0<\/p>\n<p align=\"center\">\u00a0<\/p>\n<\/td>\n<td nowrap=\"\">\n<p align=\"center\">Prof\u00aa Dra. Renata Paes de Barros C\u00e2mara<\/p>\n<\/td>\n<td nowrap=\"\">\n<p align=\"center\">Prof. Dr. Ant\u00f4nio Andr\u00e9 Cunha\u00a0 Callado<\/p>\n<\/td>\n<td nowrap=\"\">\n<p align=\"center\">Prof\u00aa Dra. Patricia Alves Ramiro-UFPB<\/p>\n<\/td>\n<td nowrap=\"\">\n<p align=\"center\">&#8211;<\/p>\n<\/td>\n<td nowrap=\"\">\n<p align=\"center\">28\/05\/2018<\/p>\n<\/td>\n<td nowrap=\"\">\n<p align=\"center\">10h<\/p>\n<\/td>\n<td nowrap=\"\">\n<p align=\"center\">Sala de multim\u00eddia do CCSA<\/p>\n<\/td>\n<\/tr>\n<tr>\n<td>\n<p align=\"center\">Rayane de Lima Silva<\/p>\n<\/td>\n<td>\n<p align=\"center\"><span>Informa\u00e7\u00e3o Cont\u00e1bil para Usu\u00e1rios Internos<\/span><\/p>\n<\/td>\n<td nowrap=\"\">\n<p align=\"center\">Prof. Dr. Paulo Amilton Maia Leite Filho<\/p>\n<\/td>\n<td>\n<p align=\"center\">A AN\u00c1LISE DA RELA\u00c7\u00c3O ENTRE A REMUNERA\u00c7\u00c3O DO PROFISSIONAL CONT\u00c1BIL E A UTILIDADE DA INFORMA\u00c7\u00c3O CONT\u00c1BIL<\/p>\n<\/td>\n<td nowrap=\"\">\n<p align=\"center\"><span>Prof. Dr. Paulo Amilton Maia Leite Filho<\/span><\/p>\n<\/td>\n<td nowrap=\"\">\n<p align=\"center\"><span>Prof. Dr. Paulo Roberto N\u00f3brega Cavaltante<\/span><span>\u00a0<\/span><\/p>\n<\/td>\n<td>\n<p align=\"center\">\u00a0<span>\u00a0Prof. Dr.\u00a0<\/span><span>Sin\u00e9zio Fernandes Maia &#8211; UFPB<\/span><\/p>\n<\/td>\n<td>\n<p align=\"center\">\u00a0&#8211;<\/p>\n<\/td>\n<td nowrap=\"\">\n<p align=\"center\">\u00a029\/05\/2018<\/p>\n<\/td>\n<td nowrap=\"\">\n<p align=\"center\">16h\u00a0<\/p>\n<\/td>\n<td nowrap=\"\">\n<p align=\"center\">Sala 15 do Bloco de P\u00f3s-Gradua\u00e7\u00e3o do CCSA\u00a0<\/p>\n<\/td>\n<\/tr>\n<tr>\n<td>\n<p align=\"center\">Kamilla Alves Barreto<\/p>\n<\/td>\n<td>\n<p align=\"center\">Informa\u00e7\u00e3o Cont\u00e1bil para Usu\u00e1rios Internos<\/p>\n<\/td>\n<td nowrap=\"\">\n<p align=\"center\">Prof. Dr. Aldo Leonardo\u00a0 Cunha\u00a0 Callado<\/p>\n<\/td>\n<td>\n<p align=\"center\"> PR\u00c1TICAS DE CONTABILIDADE GERENCIAL E FATORES CONTIGENCIAIS EM AGROIND\u00daSTRIAS PARAIBANAS<\/p>\n<\/td>\n<td nowrap=\"\">\n<p align=\"center\">Prof. Dr. Aldo Leonardo\u00a0 Cunha\u00a0 Callado<\/p>\n<\/td>\n<td nowrap=\"\">\n<p align=\"center\">Prof\u00aa Dra. Renata Paes de Barros C\u00e2mara<\/p>\n<\/td>\n<td>\n<p align=\"center\">Prof. Dr. Adilson Celestino de Lima-UFRPE<\/p>\n<\/td>\n<td>\n<p align=\"center\">&#8211;<\/p>\n<\/td>\n<td nowrap=\"\">\n<p align=\"center\">29\/05\/2018<\/p>\n<\/td>\n<td nowrap=\"\">\n<p align=\"center\">9h<\/p>\n<\/td>\n<td nowrap=\"\">\n<p align=\"center\">Sala de multim\u00eddia do CCSA<\/p>\n<\/td>\n<\/tr>\n<\/tbody>\n<\/table>\n<\/div>\n<div class=\"newsview\">\n<\/div>\n","protected":false},"excerpt":{"rendered":"<p>Lista dos exames que ocorrer\u00e3o em maio\/2018 A secretaria do PPGCC\/UFPB torna p\u00fablica a lista [&hellip;]<\/p>\n","protected":false},"author":567,"featured_media":585,"comment_status":"open","ping_status":"open","sticky":false,"template":"","format":"standard","meta":{"footnotes":""},"categories":[3],"tags":[],"class_list":["post-996","post","type-post","status-publish","format-standard","has-post-thumbnail","hentry","category-noticias"],"_links":{"self":[{"href":"https:\/\/www.ccsa.ufpb.br\/ppgcc\/wp-json\/wp\/v2\/posts\/996","targetHints":{"allow":["GET"]}}],"collection":[{"href":"https:\/\/www.ccsa.ufpb.br\/ppgcc\/wp-json\/wp\/v2\/posts"}],"about":[{"href":"https:\/\/www.ccsa.ufpb.br\/ppgcc\/wp-json\/wp\/v2\/types\/post"}],"author":[{"embeddable":true,"href":"https:\/\/www.ccsa.ufpb.br\/ppgcc\/wp-json\/wp\/v2\/users\/567"}],"replies":[{"embeddable":true,"href":"https:\/\/www.ccsa.ufpb.br\/ppgcc\/wp-json\/wp\/v2\/comments?post=996"}],"version-history":[{"count":0,"href":"https:\/\/www.ccsa.ufpb.br\/ppgcc\/wp-json\/wp\/v2\/posts\/996\/revisions"}],"wp:featuredmedia":[{"embeddable":true,"href":"https:\/\/www.ccsa.ufpb.br\/ppgcc\/wp-json\/wp\/v2\/media\/585"}],"wp:attachment":[{"href":"https:\/\/www.ccsa.ufpb.br\/ppgcc\/wp-json\/wp\/v2\/media?parent=996"}],"wp:term":[{"taxonomy":"category","embeddable":true,"href":"https:\/\/www.ccsa.ufpb.br\/ppgcc\/wp-json\/wp\/v2\/categories?post=996"},{"taxonomy":"post_tag","embeddable":true,"href":"https:\/\/www.ccsa.ufpb.br\/ppgcc\/wp-json\/wp\/v2\/tags?post=996"}],"curies":[{"name":"wp","href":"https:\/\/api.w.org\/{rel}","templated":true}]}}