{"id":318,"date":"2025-08-18T17:22:05","date_gmt":"2025-08-18T20:22:05","guid":{"rendered":"https:\/\/www.ccsa.ufpb.br\/ppgp\/?p=318"},"modified":"2026-03-16T17:26:16","modified_gmt":"2026-03-16T20:26:16","slug":"aula-inaugural-turma-10","status":"publish","type":"post","link":"https:\/\/www.ccsa.ufpb.br\/ppgp\/impacto\/aula-inaugural-turma-10\/","title":{"rendered":"I Semin\u00e1rio Integrador do Quadri\u00eanio 2025-2028 do PPGP"},"content":{"rendered":"\n<p>No dia 26 de agosto de 2025, o PPGP tem a honra de receber o seu egresso Rodrigo Paiva, Superintendente da CGU\/PB, para ministrar a palestra com a tem\u00e1tica &#8220;Governan\u00e7a P\u00fablica: Discuss\u00f5es Conceituais e Desafios para Implementa\u00e7\u00e3o dos seus Mecanismos na Gest\u00e3o P\u00fablica&#8221;.<\/p>\n\n\n\n<p>Como parte do Semin\u00e1rio, h\u00e1 a recep\u00e7\u00e3o da Turma 10 do PPGP e marca o in\u00edcio da celebra\u00e7\u00e3o dos 10 anos do Programa de P\u00f3s-Gradua\u00e7\u00e3o. A ocasi\u00e3o contar\u00e1 com a participa\u00e7\u00e3o de outros egressos do programa e de discentes da nova turma para trocar de experi\u00eancias e expectativas do programa. <\/p>\n\n\n\n<p>O evento tamb\u00e9m \u00e9 aberto ao p\u00fablico da UFPB, em especial, para os\/as discentes de gradua\u00e7\u00e3o em Gest\u00e3o P\u00fablica do CCSA\/UFPB. As inscri\u00e7\u00f5es podem ser realizadas atrav\u00e9s do <a href=\"https:\/\/sigeventos.ufpb.br\/eventos\/public\/evento\/GPDCDPIDSMGP2025\" target=\"_blank\" rel=\"noreferrer noopener\">SIGEVENTOS\/UFPB<\/a>.<\/p>\n\n\n<figure class=\"wp-block-post-featured-image\"><img loading=\"lazy\" decoding=\"async\" width=\"1080\" height=\"1350\" src=\"https:\/\/www.ccsa.ufpb.br\/ppgp\/wp-content\/uploads\/sites\/179\/sites\/279\/2025\/08\/WhatsApp-Image-2025-08-18-at-17.16.06.jpeg\" class=\"attachment-post-thumbnail size-post-thumbnail wp-post-image\" alt=\"\" style=\"object-fit:cover;\" srcset=\"https:\/\/www.ccsa.ufpb.br\/ppgp\/wp-content\/uploads\/sites\/179\/sites\/279\/2025\/08\/WhatsApp-Image-2025-08-18-at-17.16.06.jpeg 1080w, https:\/\/www.ccsa.ufpb.br\/ppgp\/wp-content\/uploads\/sites\/179\/sites\/279\/2025\/08\/WhatsApp-Image-2025-08-18-at-17.16.06-240x300.jpeg 240w, https:\/\/www.ccsa.ufpb.br\/ppgp\/wp-content\/uploads\/sites\/179\/sites\/279\/2025\/08\/WhatsApp-Image-2025-08-18-at-17.16.06-819x1024.jpeg 819w, https:\/\/www.ccsa.ufpb.br\/ppgp\/wp-content\/uploads\/sites\/179\/sites\/279\/2025\/08\/WhatsApp-Image-2025-08-18-at-17.16.06-768x960.jpeg 768w\" sizes=\"auto, (max-width: 1080px) 100vw, 1080px\" \/><\/figure>","protected":false},"excerpt":{"rendered":"<p>No dia 26 de agosto de 2025, o PPGP tem a honra de receber o [&hellip;]<\/p>\n","protected":false},"author":266,"featured_media":319,"comment_status":"closed","ping_status":"open","sticky":false,"template":"","format":"standard","meta":{"footnotes":""},"categories":[9],"tags":[],"class_list":["post-318","post","type-post","status-publish","format-standard","has-post-thumbnail","hentry","category-impacto"],"_links":{"self":[{"href":"https:\/\/www.ccsa.ufpb.br\/ppgp\/wp-json\/wp\/v2\/posts\/318","targetHints":{"allow":["GET"]}}],"collection":[{"href":"https:\/\/www.ccsa.ufpb.br\/ppgp\/wp-json\/wp\/v2\/posts"}],"about":[{"href":"https:\/\/www.ccsa.ufpb.br\/ppgp\/wp-json\/wp\/v2\/types\/post"}],"author":[{"embeddable":true,"href":"https:\/\/www.ccsa.ufpb.br\/ppgp\/wp-json\/wp\/v2\/users\/266"}],"replies":[{"embeddable":true,"href":"https:\/\/www.ccsa.ufpb.br\/ppgp\/wp-json\/wp\/v2\/comments?post=318"}],"version-history":[{"count":3,"href":"https:\/\/www.ccsa.ufpb.br\/ppgp\/wp-json\/wp\/v2\/posts\/318\/revisions"}],"predecessor-version":[{"id":672,"href":"https:\/\/www.ccsa.ufpb.br\/ppgp\/wp-json\/wp\/v2\/posts\/318\/revisions\/672"}],"wp:featuredmedia":[{"embeddable":true,"href":"https:\/\/www.ccsa.ufpb.br\/ppgp\/wp-json\/wp\/v2\/media\/319"}],"wp:attachment":[{"href":"https:\/\/www.ccsa.ufpb.br\/ppgp\/wp-json\/wp\/v2\/media?parent=318"}],"wp:term":[{"taxonomy":"category","embeddable":true,"href":"https:\/\/www.ccsa.ufpb.br\/ppgp\/wp-json\/wp\/v2\/categories?post=318"},{"taxonomy":"post_tag","embeddable":true,"href":"https:\/\/www.ccsa.ufpb.br\/ppgp\/wp-json\/wp\/v2\/tags?post=318"}],"curies":[{"name":"wp","href":"https:\/\/api.w.org\/{rel}","templated":true}]}}