{"id":736,"date":"2026-04-13T16:59:58","date_gmt":"2026-04-13T19:59:58","guid":{"rendered":"https:\/\/www.ccsa.ufpb.br\/ppgp\/?p=736"},"modified":"2026-04-13T17:05:16","modified_gmt":"2026-04-13T20:05:16","slug":"fala-mestre-agora-no-instagram","status":"publish","type":"post","link":"https:\/\/www.ccsa.ufpb.br\/ppgp\/impacto\/fala-mestre-agora-no-instagram\/","title":{"rendered":"&#8220;Fala, Mestre&#8221; agora no Instagram"},"content":{"rendered":"\n<p>Quadro re\u00fane v\u00eddeos de egressos sobre trajet\u00f3ria profissional, pesquisa e impactos do mestrado.<\/p>\n\n\n\n<p>O Programa de P\u00f3s-Gradua\u00e7\u00e3o em Gest\u00e3o P\u00fablica da UFPB (PPGP\/UFPB) retomou o quadro <strong>\u201cFala, Mestre\u201d<\/strong>, agora em seu<strong> Instagram oficial<\/strong>. Antes veiculada no YouTube, a iniciativa passa a circular na rede social como forma de ampliar a divulga\u00e7\u00e3o das trajet\u00f3rias de egressos do Programa.<\/p>\n\n\n\n<p>No quadro, ex-alunos gravam v\u00eddeos em que se apresentam, falam sobre sua atua\u00e7\u00e3o profissional, apresentam suas pesquisas e relatam o impacto do mestrado em suas vidas profissionais. A a\u00e7\u00e3o tamb\u00e9m contribui para o acompanhamento dos egressos e para a visibilidade da produ\u00e7\u00e3o acad\u00eamica do PPGP.<\/p>\n\n\n\n<p>A primeira participa\u00e7\u00e3o desta nova fase \u00e9 da egressa <strong>Fernanda Maria Negromonte<\/strong> <strong>de Santana<\/strong>, com o trabalho <strong>\u201cTra\u00e7ando v\u00e1rios planos pra poder contra-atacar\u201d: an\u00e1lise do papel do Poder Legislativo no Enfrentamento \u00e0 Viol\u00eancia de G\u00eanero, o mandato de Gleide \u00c2ngelo em Pernambuco<\/strong>.<\/p>\n\n\n\n<p>O PPGP convida seus egressos e egressas a tamb\u00e9m participarem do quadro e compartilharem suas experi\u00eancias e pesquisas.<\/p>\n\n\n\n<p>Acesse nosso Instagram: <a href=\"https:\/\/www.instagram.com\/ppgpufpb\">https:\/\/www.instagram.com\/ppgpufpb<\/a><\/p>\n","protected":false},"excerpt":{"rendered":"<p>Quadro re\u00fane v\u00eddeos de egressos sobre trajet\u00f3ria profissional, pesquisa e impactos do mestrado. O Programa [&hellip;]<\/p>\n","protected":false},"author":492,"featured_media":739,"comment_status":"closed","ping_status":"open","sticky":false,"template":"","format":"standard","meta":{"footnotes":""},"categories":[9],"tags":[],"class_list":["post-736","post","type-post","status-publish","format-standard","has-post-thumbnail","hentry","category-impacto"],"_links":{"self":[{"href":"https:\/\/www.ccsa.ufpb.br\/ppgp\/wp-json\/wp\/v2\/posts\/736","targetHints":{"allow":["GET"]}}],"collection":[{"href":"https:\/\/www.ccsa.ufpb.br\/ppgp\/wp-json\/wp\/v2\/posts"}],"about":[{"href":"https:\/\/www.ccsa.ufpb.br\/ppgp\/wp-json\/wp\/v2\/types\/post"}],"author":[{"embeddable":true,"href":"https:\/\/www.ccsa.ufpb.br\/ppgp\/wp-json\/wp\/v2\/users\/492"}],"replies":[{"embeddable":true,"href":"https:\/\/www.ccsa.ufpb.br\/ppgp\/wp-json\/wp\/v2\/comments?post=736"}],"version-history":[{"count":1,"href":"https:\/\/www.ccsa.ufpb.br\/ppgp\/wp-json\/wp\/v2\/posts\/736\/revisions"}],"predecessor-version":[{"id":738,"href":"https:\/\/www.ccsa.ufpb.br\/ppgp\/wp-json\/wp\/v2\/posts\/736\/revisions\/738"}],"wp:featuredmedia":[{"embeddable":true,"href":"https:\/\/www.ccsa.ufpb.br\/ppgp\/wp-json\/wp\/v2\/media\/739"}],"wp:attachment":[{"href":"https:\/\/www.ccsa.ufpb.br\/ppgp\/wp-json\/wp\/v2\/media?parent=736"}],"wp:term":[{"taxonomy":"category","embeddable":true,"href":"https:\/\/www.ccsa.ufpb.br\/ppgp\/wp-json\/wp\/v2\/categories?post=736"},{"taxonomy":"post_tag","embeddable":true,"href":"https:\/\/www.ccsa.ufpb.br\/ppgp\/wp-json\/wp\/v2\/tags?post=736"}],"curies":[{"name":"wp","href":"https:\/\/api.w.org\/{rel}","templated":true}]}}